{"id":31,"count":1,"description":"","link":"https:\/\/gabrielhern.com\/es\/project_category\/direccion-y-gestion\/","name":"Direcci\u00f3n y gesti\u00f3n","slug":"direccion-y-gestion","taxonomy":"project_category","parent":29,"meta":[],"yoast_head":"<!-- This site is optimized with the Yoast SEO plugin v28.1 - https:\/\/yoast.com\/product\/yoast-seo-wordpress\/ -->\n<title>Gabriel Hern\u00e1ndez - Direcci\u00f3n y gesti\u00f3n<\/title>\n<meta name=\"robots\" content=\"index, follow, max-snippet:-1, max-image-preview:large, max-video-preview:-1\" \/>\n<link rel=\"canonical\" href=\"https:\/\/gabrielhern.com\/es\/project_category\/direccion-y-gestion\/\" \/>\n<meta property=\"og:locale\" content=\"es_ES\" \/>\n<meta property=\"og:type\" content=\"article\" \/>\n<meta property=\"og:title\" content=\"Gabriel Hern\u00e1ndez - Direcci\u00f3n y gesti\u00f3n\" \/>\n<meta property=\"og:url\" content=\"https:\/\/gabrielhern.com\/es\/project_category\/direccion-y-gestion\/\" \/>\n<meta property=\"og:site_name\" content=\"Gabriel Hern\u00e1ndez\" \/>\n<meta name=\"twitter:card\" content=\"summary_large_image\" \/>\n<script type=\"application\/ld+json\" class=\"yoast-schema-graph\">{\"@context\":\"https:\\\/\\\/schema.org\",\"@graph\":[{\"@type\":\"CollectionPage\",\"@id\":\"https:\\\/\\\/gabrielhern.com\\\/es\\\/project_category\\\/direccion-y-gestion\\\/\",\"url\":\"https:\\\/\\\/gabrielhern.com\\\/es\\\/project_category\\\/direccion-y-gestion\\\/\",\"name\":\"Gabriel Hern\u00e1ndez - Direcci\u00f3n y gesti\u00f3n\",\"isPartOf\":{\"@id\":\"https:\\\/\\\/gabrielhern.com\\\/es\\\/#website\"},\"breadcrumb\":{\"@id\":\"https:\\\/\\\/gabrielhern.com\\\/es\\\/project_category\\\/direccion-y-gestion\\\/#breadcrumb\"},\"inLanguage\":\"es\"},{\"@type\":\"BreadcrumbList\",\"@id\":\"https:\\\/\\\/gabrielhern.com\\\/es\\\/project_category\\\/direccion-y-gestion\\\/#breadcrumb\",\"itemListElement\":[{\"@type\":\"ListItem\",\"position\":1,\"name\":\"Portada\",\"item\":\"https:\\\/\\\/gabrielhern.com\\\/es\\\/\"},{\"@type\":\"ListItem\",\"position\":2,\"name\":\"Redes de colaboraci\u00f3n\",\"item\":\"https:\\\/\\\/gabrielhern.com\\\/es\\\/project_category\\\/redes-de-colaboracion\\\/\"},{\"@type\":\"ListItem\",\"position\":3,\"name\":\"Direcci\u00f3n y gesti\u00f3n\"}]},{\"@type\":\"WebSite\",\"@id\":\"https:\\\/\\\/gabrielhern.com\\\/es\\\/#website\",\"url\":\"https:\\\/\\\/gabrielhern.com\\\/es\\\/\",\"name\":\"Gabriel Hern\u00e1ndez\",\"description\":\"Architect - Arquitecto\",\"potentialAction\":[{\"@type\":\"SearchAction\",\"target\":{\"@type\":\"EntryPoint\",\"urlTemplate\":\"https:\\\/\\\/gabrielhern.com\\\/es\\\/?s={search_term_string}\"},\"query-input\":{\"@type\":\"PropertyValueSpecification\",\"valueRequired\":true,\"valueName\":\"search_term_string\"}}],\"inLanguage\":\"es\"}]}<\/script>\n<!-- \/ Yoast SEO plugin. -->","yoast_head_json":{"title":"Gabriel Hern\u00e1ndez - Direcci\u00f3n y gesti\u00f3n","robots":{"index":"index","follow":"follow","max-snippet":"max-snippet:-1","max-image-preview":"max-image-preview:large","max-video-preview":"max-video-preview:-1"},"canonical":"https:\/\/gabrielhern.com\/es\/project_category\/direccion-y-gestion\/","og_locale":"es_ES","og_type":"article","og_title":"Gabriel Hern\u00e1ndez - Direcci\u00f3n y gesti\u00f3n","og_url":"https:\/\/gabrielhern.com\/es\/project_category\/direccion-y-gestion\/","og_site_name":"Gabriel Hern\u00e1ndez","twitter_card":"summary_large_image","schema":{"@context":"https:\/\/schema.org","@graph":[{"@type":"CollectionPage","@id":"https:\/\/gabrielhern.com\/es\/project_category\/direccion-y-gestion\/","url":"https:\/\/gabrielhern.com\/es\/project_category\/direccion-y-gestion\/","name":"Gabriel Hern\u00e1ndez - Direcci\u00f3n y gesti\u00f3n","isPartOf":{"@id":"https:\/\/gabrielhern.com\/es\/#website"},"breadcrumb":{"@id":"https:\/\/gabrielhern.com\/es\/project_category\/direccion-y-gestion\/#breadcrumb"},"inLanguage":"es"},{"@type":"BreadcrumbList","@id":"https:\/\/gabrielhern.com\/es\/project_category\/direccion-y-gestion\/#breadcrumb","itemListElement":[{"@type":"ListItem","position":1,"name":"Portada","item":"https:\/\/gabrielhern.com\/es\/"},{"@type":"ListItem","position":2,"name":"Redes de colaboraci\u00f3n","item":"https:\/\/gabrielhern.com\/es\/project_category\/redes-de-colaboracion\/"},{"@type":"ListItem","position":3,"name":"Direcci\u00f3n y gesti\u00f3n"}]},{"@type":"WebSite","@id":"https:\/\/gabrielhern.com\/es\/#website","url":"https:\/\/gabrielhern.com\/es\/","name":"Gabriel Hern\u00e1ndez","description":"Architect - Arquitecto","potentialAction":[{"@type":"SearchAction","target":{"@type":"EntryPoint","urlTemplate":"https:\/\/gabrielhern.com\/es\/?s={search_term_string}"},"query-input":{"@type":"PropertyValueSpecification","valueRequired":true,"valueName":"search_term_string"}}],"inLanguage":"es"}]}},"_links":{"self":[{"href":"https:\/\/gabrielhern.com\/es\/wp-json\/wp\/v2\/project_category\/31","targetHints":{"allow":["GET"]}}],"collection":[{"href":"https:\/\/gabrielhern.com\/es\/wp-json\/wp\/v2\/project_category"}],"about":[{"href":"https:\/\/gabrielhern.com\/es\/wp-json\/wp\/v2\/taxonomies\/project_category"}],"up":[{"embeddable":true,"href":"https:\/\/gabrielhern.com\/es\/wp-json\/wp\/v2\/project_category\/29"}],"wp:post_type":[{"href":"https:\/\/gabrielhern.com\/es\/wp-json\/wp\/v2\/project?project_category=31"}],"curies":[{"name":"wp","href":"https:\/\/api.w.org\/{rel}","templated":true}]}}